{"id":10774,"date":"2023-11-20T21:02:03","date_gmt":"2023-11-20T21:02:03","guid":{"rendered":"https:\/\/termedimonticelli.it\/das-energiereiche-und-dennoch-gesunde-fruehstueck-wie-sie-den-tag-mit-dem-richtigen-schwung-beginnen\/"},"modified":"2024-07-22T13:43:23","modified_gmt":"2024-07-22T13:43:23","slug":"das-energiereiche-und-dennoch-gesunde-fruehstueck-wie-sie-den-tag-mit-dem-richtigen-schwung-beginnen","status":"publish","type":"post","link":"https:\/\/termedimonticelli.it\/de\/das-energiereiche-und-dennoch-gesunde-fruehstueck-wie-sie-den-tag-mit-dem-richtigen-schwung-beginnen\/","title":{"rendered":"Das energiereiche und dennoch gesunde Fr\u00fchst\u00fcck.\nWie Sie den Tag mit dem richtigen Schwung beginnen."},"content":{"rendered":"\t\t<div data-elementor-type=\"wp-post\" data-elementor-id=\"10774\" class=\"elementor elementor-10774 elementor-3012\" data-elementor-post-type=\"post\">\n\t\t\t\t<div class=\"elementor-element elementor-element-9785430 e-flex e-con-boxed e-con e-parent\" data-id=\"9785430\" data-element_type=\"container\" data-e-type=\"container\" data-settings=\"{&quot;jet_parallax_layout_list&quot;:[]}\">\n\t\t\t\t\t<div class=\"e-con-inner\">\n\t\t<div class=\"elementor-element elementor-element-59f5447 e-con-full e-flex e-con e-child\" data-id=\"59f5447\" data-element_type=\"container\" data-e-type=\"container\" data-settings=\"{&quot;jet_parallax_layout_list&quot;:[]}\">\n\t\t<div class=\"elementor-element elementor-element-ff55b94 e-flex e-con-boxed e-con e-child\" data-id=\"ff55b94\" data-element_type=\"container\" data-e-type=\"container\" data-settings=\"{&quot;jet_parallax_layout_list&quot;:[]}\">\n\t\t\t\t\t<div class=\"e-con-inner\">\n\t\t\t\t<div class=\"elementor-element elementor-element-0c3adeb elementor-widget elementor-widget-text-editor\" data-id=\"0c3adeb\" data-element_type=\"widget\" data-e-type=\"widget\" data-widget_type=\"text-editor.default\">\n\t\t\t\t<div class=\"elementor-widget-container\">\n\t\t\t\t\t\t\t\t\t<p><strong><em><\/p>\n<p>Fr\u00fchst\u00fcck wie ein Prinz, Mittagessen wie ein B\u00fcrger, Abendessen wie ein Bettler.<\/em><\/strong><br \/>Arabisches Sprichwort<\/p>\n\t\t\t\t\t\t\t\t<\/div>\n\t\t\t\t<\/div>\n\t\t\t\t<div class=\"elementor-element elementor-element-63be2e5b elementor-widget elementor-widget-text-editor\" data-id=\"63be2e5b\" data-element_type=\"widget\" data-e-type=\"widget\" data-widget_type=\"text-editor.default\">\n\t\t\t\t<div class=\"elementor-widget-container\">\n\t\t\t\t\t\t\t\t\t<div class=\"elementor-element elementor-element-d08721a elementor-widget elementor-widget-heading\" data-id=\"d08721a\" data-element_type=\"widget\" data-widget_type=\"heading.default\">\n<div class=\"elementor-widget-container\">\n<p>Viele Menschen untersch\u00e4tzen die<strong>Bedeutung des Fr\u00fchst\u00fccks<\/strong>, sei es aufgrund von Eile, schlechten Gewohnheiten oder falschen \u00dcberzeugungen.<br \/>\nWas auch immer der Grund sein mag, die erste Mahlzeit des Tages zu vernachl\u00e4ssigen ist ein Fehler, den man nicht machen sollte. <\/p>\n<p>&#8222;W\u00e4hrend der Nacht verbrennen wir Kalorien, unser Stoffwechsel ist immer aktiv&#8220;, erkl\u00e4rt Dr. <strong>Gianfranco Beltrami<\/strong>, <strong>Gesundheitsdirektor der Terme di Monticelli<\/strong>.<br \/>\n&#8222;Wenn wir aufwachen, brauchen wir Energie, damit unser Organismus effizient funktionieren kann: Das <strong>Fr\u00fchst\u00fcck<\/strong> bricht das Fasten und setzt die <strong>Stoffwechselprozesse<\/strong> des K\u00f6rpers <strong>wieder<\/strong> in Gang.<br \/>\nEs hilft also dabei, den ganzen Tag \u00fcber Kalorien zu verbrennen.<br \/>\nWenn Sie hingegen das Fr\u00fchst\u00fcck ausfallen lassen, kann sich das negativ auf Ihren Stoffwechsel auswirken, da er sich verlangsamt&#8220;.<br \/>\nUnd nicht nur das.<br \/>\nAuch Konzentration und Ausdauer werden beeintr\u00e4chtigt, was zu einer geringeren kognitiven und k\u00f6rperlichen Leistungsf\u00e4higkeit f\u00fchrt.     <\/p>\n<p>&#8222;Mit einem energiereichen und gesunden Fr\u00fchst\u00fcck sollten Sie <strong>20 Prozent der t\u00e4glichen Kalorien<\/strong> aufnehmen <strong>, die Ihr K\u00f6rper braucht<\/strong>, um optimal zu funktionieren.<br \/>\n15 %, wenn ein Vormittagssnack in den Speiseplan aufgenommen wird&#8220;. <\/p>\n<p><strong>Aber wie sollte ein energiereiches und gesundes Fr\u00fchst\u00fcck aussehen? <\/strong>&#8218;Auf jeden Fall <strong>ausgewogen<\/strong>.<br \/>\nSie brauchen Kohlenhydrate, Proteine und Vitamine.<br \/>\nZum Beispiel <strong>griechischer Joghurt mit Honig<\/strong> und <strong>Trockenfr\u00fcchten<\/strong>,<strong> frisches Obst<\/strong>,<strong> Magermilch<\/strong>.<br \/>\nF\u00fcr die Eiwei\u00dfzufuhr k\u00f6nnen Sie<strong> Eier mit gekochtem und rohem Schinken abwechseln<\/strong>.   <\/p>\n<p>Es ist wichtig, den Fr\u00fchst\u00fccksmix <strong>mit st\u00e4ndig wechselnden Lebensmitteln<\/strong> zu <strong>variieren<\/strong>, vielleicht ein s\u00fc\u00dfes Energiefr\u00fchst\u00fcck mit einem herzhaften Fr\u00fchst\u00fcck unter der Woche zu mischen: So wird es nicht langweilig und es ist gut f\u00fcr den K\u00f6rper.<br \/>\nDie Variabilit\u00e4t der Lebensmittelauswahl ist die Grundlage f\u00fcr eine gesunde Darmmikrobiota&#8220;.<br \/>\nFrische Zutaten sind am besten. <strong>Vermeiden<\/strong> Sie dagegen <strong>verarbeitete und ultra-verarbeitete Lebensmittel<\/strong>, die, wie eine Studie des Imperial College London gezeigt hat, das Risiko der Entstehung von Tumoren erh\u00f6hen.  <\/p>\n<\/div>\n<\/div>\n\t\t\t\t\t\t\t\t<\/div>\n\t\t\t\t<\/div>\n\t\t\t\t<div class=\"elementor-element elementor-element-d4f42c5 elementor-widget elementor-widget-gallery\" data-id=\"d4f42c5\" data-element_type=\"widget\" data-e-type=\"widget\" data-settings=\"{&quot;columns&quot;:3,&quot;lazyload&quot;:&quot;yes&quot;,&quot;gallery_layout&quot;:&quot;grid&quot;,&quot;columns_tablet&quot;:2,&quot;columns_mobile&quot;:1,&quot;gap&quot;:{&quot;unit&quot;:&quot;px&quot;,&quot;size&quot;:10,&quot;sizes&quot;:[]},&quot;gap_tablet&quot;:{&quot;unit&quot;:&quot;px&quot;,&quot;size&quot;:10,&quot;sizes&quot;:[]},&quot;gap_mobile&quot;:{&quot;unit&quot;:&quot;px&quot;,&quot;size&quot;:10,&quot;sizes&quot;:[]},&quot;link_to&quot;:&quot;file&quot;,&quot;aspect_ratio&quot;:&quot;3:2&quot;,&quot;overlay_background&quot;:&quot;yes&quot;,&quot;content_hover_animation&quot;:&quot;fade-in&quot;}\" data-widget_type=\"gallery.default\">\n\t\t\t\t<div class=\"elementor-widget-container\">\n\t\t\t\t\t\t\t<div class=\"elementor-gallery__container\">\n\t\t\t\t\t\t\t<a class=\"e-gallery-item elementor-gallery-item elementor-animated-content\" href=\"https:\/\/termedimonticelli.it\/wp-content\/uploads\/2024\/05\/img-articolo-colazione.jpg\" data-elementor-open-lightbox=\"yes\" data-elementor-lightbox-slideshow=\"d4f42c5\" data-e-action-hash=\"#elementor-action%3Aaction%3Dlightbox%26settings%3DeyJpZCI6ODkyMiwidXJsIjoiaHR0cHM6XC9cL3Rlcm1lZGltb250aWNlbGxpLml0XC93cC1jb250ZW50XC91cGxvYWRzXC8yMDI0XC8wNVwvaW1nLWFydGljb2xvLWNvbGF6aW9uZS5qcGciLCJzbGlkZXNob3ciOiJkNGY0MmM1In0%3D\">\n\t\t\t\t\t<div class=\"e-gallery-image elementor-gallery-item__image\" data-thumbnail=\"https:\/\/termedimonticelli.it\/wp-content\/uploads\/2024\/05\/img-articolo-colazione.jpg\" data-width=\"\" data-height=\"\" aria-label=\"\" role=\"img\" ><\/div>\n\t\t\t\t\t\t\t\t\t\t\t<div class=\"elementor-gallery-item__overlay\"><\/div>\n\t\t\t\t\t\t\t\t\t\t\t\t\t\t<\/a>\n\t\t\t\t\t\t\t<a class=\"e-gallery-item elementor-gallery-item elementor-animated-content\" href=\"https:\/\/termedimonticelli.it\/wp-content\/uploads\/2024\/05\/img-articolo-colazione-2.jpg\" data-elementor-open-lightbox=\"yes\" data-elementor-lightbox-slideshow=\"d4f42c5\" data-e-action-hash=\"#elementor-action%3Aaction%3Dlightbox%26settings%3DeyJpZCI6ODkyNCwidXJsIjoiaHR0cHM6XC9cL3Rlcm1lZGltb250aWNlbGxpLml0XC93cC1jb250ZW50XC91cGxvYWRzXC8yMDI0XC8wNVwvaW1nLWFydGljb2xvLWNvbGF6aW9uZS0yLmpwZyIsInNsaWRlc2hvdyI6ImQ0ZjQyYzUifQ%3D%3D\">\n\t\t\t\t\t<div class=\"e-gallery-image elementor-gallery-item__image\" data-thumbnail=\"https:\/\/termedimonticelli.it\/wp-content\/uploads\/2024\/05\/img-articolo-colazione-2.jpg\" data-width=\"\" data-height=\"\" aria-label=\"\" role=\"img\" ><\/div>\n\t\t\t\t\t\t\t\t\t\t\t<div class=\"elementor-gallery-item__overlay\"><\/div>\n\t\t\t\t\t\t\t\t\t\t\t\t\t\t<\/a>\n\t\t\t\t\t\t\t<a class=\"e-gallery-item elementor-gallery-item elementor-animated-content\" href=\"https:\/\/termedimonticelli.it\/wp-content\/uploads\/2024\/05\/img-articolo-colazione-3.jpg\" data-elementor-open-lightbox=\"yes\" data-elementor-lightbox-slideshow=\"d4f42c5\" data-e-action-hash=\"#elementor-action%3Aaction%3Dlightbox%26settings%3DeyJpZCI6ODkyNiwidXJsIjoiaHR0cHM6XC9cL3Rlcm1lZGltb250aWNlbGxpLml0XC93cC1jb250ZW50XC91cGxvYWRzXC8yMDI0XC8wNVwvaW1nLWFydGljb2xvLWNvbGF6aW9uZS0zLmpwZyIsInNsaWRlc2hvdyI6ImQ0ZjQyYzUifQ%3D%3D\">\n\t\t\t\t\t<div class=\"e-gallery-image elementor-gallery-item__image\" data-thumbnail=\"https:\/\/termedimonticelli.it\/wp-content\/uploads\/2024\/05\/img-articolo-colazione-3.jpg\" data-width=\"\" data-height=\"\" aria-label=\"\" role=\"img\" ><\/div>\n\t\t\t\t\t\t\t\t\t\t\t<div class=\"elementor-gallery-item__overlay\"><\/div>\n\t\t\t\t\t\t\t\t\t\t\t\t\t\t<\/a>\n\t\t\t\t\t<\/div>\n\t\t\t\t\t<\/div>\n\t\t\t\t<\/div>\n\t\t\t\t<div class=\"elementor-element elementor-element-c5ba2c7 elementor-widget elementor-widget-text-editor\" data-id=\"c5ba2c7\" data-element_type=\"widget\" data-e-type=\"widget\" data-widget_type=\"text-editor.default\">\n\t\t\t\t<div class=\"elementor-widget-container\">\n\t\t\t\t\t\t\t\t\t<div class=\"elementor-element elementor-element-d08721a elementor-widget elementor-widget-heading\" data-id=\"d08721a\" data-element_type=\"widget\" data-widget_type=\"heading.default\">\n<div class=\"elementor-widget-container\">\n<p><strong>Nehmen Sie sich Zeit.<\/strong>  &#8222;Idealerweise sollten Sie sich ein Fr\u00fchst\u00fcck mit Ihrer Familie g\u00f6nnen. Sich gemeinsam an einen Tisch zu setzen, um sich auszutauschen und zu unterhalten, ist der ideale Start in den Tag.<br \/>\nWenn Sie nicht alle zusammen essen k\u00f6nnen, weil Ihre Zeitpl\u00e4ne nicht \u00fcbereinstimmen, ist es trotzdem wichtig, sich <strong>etwa f\u00fcnfzehn Minuten<\/strong> Zeit zu nehmen.<br \/>\nEine Zeit f\u00fcr sich selbst, bevor man sich in seine t\u00e4glichen Verpflichtungen st\u00fcrzt.  <\/p>\n<p>Das <strong>Fr\u00fchst\u00fcck des Sportlers<\/strong>.<br \/>\n&#8222;<strong>An Trainingstagen<\/strong> &#8211; <strong>viermal pro Woche<\/strong> &#8211; muss es reichhaltiger sein und 25 Prozent des gesamten Kalorienbedarfs abdecken.<br \/>\nEine erste Mahlzeit, die reichhaltig und vollst\u00e4ndig, aber auch ausgewogen und verdaulich ist, begleitet von reichlich Fl\u00fcssigkeitszufuhr, entspricht einer<strong>Zufuhr von etwa 400 Kalorien<\/strong>&#8222;.  <\/p>\n<p>Anders verh\u00e4lt es sich bei <strong>Profisportlern<\/strong>: In diesem Fall werden <strong>700 Kalorien ben\u00f6tigt<\/strong>, die vor der k\u00f6rperlichen Bet\u00e4tigung aufgenommen werden m\u00fcssen: &#8222;Es sollten einige Stunden vergehen, bevor Sie mit dem Training beginnen, damit der K\u00f6rper einen Gro\u00dfteil des Blutflusses zu den Muskeln und nicht zu den Verdauungsorganen leiten kann&#8220;.<br \/>\nEs ist auch m\u00f6glich, auf n\u00fcchternen Magen zu trainieren, solange die Aktivit\u00e4t leicht ist.<br \/>\nZum Beispiel eine Yoga-Sitzung oder ein Spaziergang.  <\/p>\n<p>Das Training auf n\u00fcchternen Magen kann den Stoffwechsel anregen und den K\u00f6rper dazu bringen, Fett als Brennstoff zu verwenden. Mit ein paar Vorbehalten: Trinken Sie viel Wasser und versorgen Sie Ihren K\u00f6rper am Ende des Trainings mit den richtigen N\u00e4hrstoffen, damit er sich erholen kann.<\/p>\n<\/div>\n<\/div>\n\t\t\t\t\t\t\t\t<\/div>\n\t\t\t\t<\/div>\n\t\t\t\t<div class=\"elementor-element elementor-element-4a6a837 elementor-widget elementor-widget-gallery\" data-id=\"4a6a837\" data-element_type=\"widget\" data-e-type=\"widget\" data-settings=\"{&quot;columns&quot;:3,&quot;lazyload&quot;:&quot;yes&quot;,&quot;gallery_layout&quot;:&quot;grid&quot;,&quot;columns_tablet&quot;:2,&quot;columns_mobile&quot;:1,&quot;gap&quot;:{&quot;unit&quot;:&quot;px&quot;,&quot;size&quot;:10,&quot;sizes&quot;:[]},&quot;gap_tablet&quot;:{&quot;unit&quot;:&quot;px&quot;,&quot;size&quot;:10,&quot;sizes&quot;:[]},&quot;gap_mobile&quot;:{&quot;unit&quot;:&quot;px&quot;,&quot;size&quot;:10,&quot;sizes&quot;:[]},&quot;link_to&quot;:&quot;file&quot;,&quot;aspect_ratio&quot;:&quot;3:2&quot;,&quot;overlay_background&quot;:&quot;yes&quot;,&quot;content_hover_animation&quot;:&quot;fade-in&quot;}\" data-widget_type=\"gallery.default\">\n\t\t\t\t<div class=\"elementor-widget-container\">\n\t\t\t\t\t\t\t<div class=\"elementor-gallery__container\">\n\t\t\t\t\t\t\t<a class=\"e-gallery-item elementor-gallery-item elementor-animated-content\" href=\"https:\/\/termedimonticelli.it\/wp-content\/uploads\/2024\/05\/img-articolo-colazione-4.jpg\" data-elementor-open-lightbox=\"yes\" data-elementor-lightbox-slideshow=\"4a6a837\" data-e-action-hash=\"#elementor-action%3Aaction%3Dlightbox%26settings%3DeyJpZCI6ODkyOCwidXJsIjoiaHR0cHM6XC9cL3Rlcm1lZGltb250aWNlbGxpLml0XC93cC1jb250ZW50XC91cGxvYWRzXC8yMDI0XC8wNVwvaW1nLWFydGljb2xvLWNvbGF6aW9uZS00LmpwZyIsInNsaWRlc2hvdyI6IjRhNmE4MzcifQ%3D%3D\">\n\t\t\t\t\t<div class=\"e-gallery-image elementor-gallery-item__image\" data-thumbnail=\"https:\/\/termedimonticelli.it\/wp-content\/uploads\/2024\/05\/img-articolo-colazione-4.jpg\" data-width=\"\" data-height=\"\" aria-label=\"\" role=\"img\" ><\/div>\n\t\t\t\t\t\t\t\t\t\t\t<div class=\"elementor-gallery-item__overlay\"><\/div>\n\t\t\t\t\t\t\t\t\t\t\t\t\t\t<\/a>\n\t\t\t\t\t\t\t<a class=\"e-gallery-item elementor-gallery-item elementor-animated-content\" href=\"https:\/\/termedimonticelli.it\/wp-content\/uploads\/2024\/05\/img-articolo-colazione-6.jpg\" data-elementor-open-lightbox=\"yes\" data-elementor-lightbox-slideshow=\"4a6a837\" data-e-action-hash=\"#elementor-action%3Aaction%3Dlightbox%26settings%3DeyJpZCI6ODkzMiwidXJsIjoiaHR0cHM6XC9cL3Rlcm1lZGltb250aWNlbGxpLml0XC93cC1jb250ZW50XC91cGxvYWRzXC8yMDI0XC8wNVwvaW1nLWFydGljb2xvLWNvbGF6aW9uZS02LmpwZyIsInNsaWRlc2hvdyI6IjRhNmE4MzcifQ%3D%3D\">\n\t\t\t\t\t<div class=\"e-gallery-image elementor-gallery-item__image\" data-thumbnail=\"https:\/\/termedimonticelli.it\/wp-content\/uploads\/2024\/05\/img-articolo-colazione-6.jpg\" data-width=\"\" data-height=\"\" aria-label=\"\" role=\"img\" ><\/div>\n\t\t\t\t\t\t\t\t\t\t\t<div class=\"elementor-gallery-item__overlay\"><\/div>\n\t\t\t\t\t\t\t\t\t\t\t\t\t\t<\/a>\n\t\t\t\t\t\t\t<a class=\"e-gallery-item elementor-gallery-item elementor-animated-content\" href=\"https:\/\/termedimonticelli.it\/wp-content\/uploads\/2024\/05\/img-articolo-colazione-5.jpg\" data-elementor-open-lightbox=\"yes\" data-elementor-lightbox-slideshow=\"4a6a837\" data-e-action-hash=\"#elementor-action%3Aaction%3Dlightbox%26settings%3DeyJpZCI6ODkzMCwidXJsIjoiaHR0cHM6XC9cL3Rlcm1lZGltb250aWNlbGxpLml0XC93cC1jb250ZW50XC91cGxvYWRzXC8yMDI0XC8wNVwvaW1nLWFydGljb2xvLWNvbGF6aW9uZS01LmpwZyIsInNsaWRlc2hvdyI6IjRhNmE4MzcifQ%3D%3D\">\n\t\t\t\t\t<div class=\"e-gallery-image elementor-gallery-item__image\" data-thumbnail=\"https:\/\/termedimonticelli.it\/wp-content\/uploads\/2024\/05\/img-articolo-colazione-5.jpg\" data-width=\"\" data-height=\"\" aria-label=\"\" role=\"img\" ><\/div>\n\t\t\t\t\t\t\t\t\t\t\t<div class=\"elementor-gallery-item__overlay\"><\/div>\n\t\t\t\t\t\t\t\t\t\t\t\t\t\t<\/a>\n\t\t\t\t\t<\/div>\n\t\t\t\t\t<\/div>\n\t\t\t\t<\/div>\n\t\t\t\t\t<\/div>\n\t\t\t\t<\/div>\n\t\t\t\t<\/div>\n\t\t\t\t\t<\/div>\n\t\t\t\t<\/div>\n\t\t\t\t<\/div>\n\t\t","protected":false},"excerpt":{"rendered":"<p>Ein guter Tag beginnt mit dem Fr\u00fchst\u00fcck.<br \/>\nDr. Gianfranco Beltramis Ratschl\u00e4ge f\u00fcr ein gesundes, ausgewogenes Fr\u00fchst\u00fcck: welche Lebensmittel Sie bevorzugen und welche Sie vermeiden sollten, um einen guten Start zu haben. <\/p>\n","protected":false},"author":1,"featured_media":8676,"comment_status":"open","ping_status":"open","sticky":false,"template":"","format":"standard","meta":{"_acf_changed":false,"inline_featured_image":false,"_jetpack_memberships_contains_paid_content":false,"footnotes":""},"categories":[212],"tags":[319,337,286,214,284],"class_list":["post-10774","post","type-post","status-publish","format-standard","has-post-thumbnail","hentry","category-essen-kochen","tag-diat","tag-fruhstuck","tag-gesundheit","tag-lebensmittel","tag-wellness"],"acf":[],"yoast_head":"<!-- This site is optimized with the Yoast SEO plugin v27.5 - https:\/\/yoast.com\/product\/yoast-seo-wordpress\/ -->\n<title>Das energiereiche und dennoch gesunde Fr\u00fchst\u00fcck. Wie Sie den Tag mit dem richtigen Schwung beginnen. - Terme di Monticelli<\/title>\n<meta name=\"description\" content=\"Die Ratschl\u00e4ge von Dr. Gianfranco Beltrami f\u00fcr ein gesundes, ausgewogenes Fr\u00fchst\u00fcck: welche Lebensmittel Sie bevorzugen und welche Sie meiden sollten, um einen guten Start zu haben.\" \/>\n<meta name=\"robots\" content=\"index, follow, max-snippet:-1, max-image-preview:large, max-video-preview:-1\" \/>\n<link rel=\"canonical\" href=\"https:\/\/termedimonticelli.it\/de\/das-energiereiche-und-dennoch-gesunde-fruehstueck-wie-sie-den-tag-mit-dem-richtigen-schwung-beginnen\/\" \/>\n<meta property=\"og:locale\" content=\"de_DE\" \/>\n<meta property=\"og:type\" content=\"article\" \/>\n<meta property=\"og:title\" content=\"Das energiereiche und dennoch gesunde Fr\u00fchst\u00fcck. Wie Sie den Tag mit dem richtigen Schwung beginnen. - Terme di Monticelli\" \/>\n<meta property=\"og:description\" content=\"Die Ratschl\u00e4ge von Dr. Gianfranco Beltrami f\u00fcr ein gesundes, ausgewogenes Fr\u00fchst\u00fcck: welche Lebensmittel Sie bevorzugen und welche Sie meiden sollten, um einen guten Start zu haben.\" \/>\n<meta property=\"og:url\" content=\"https:\/\/termedimonticelli.it\/de\/das-energiereiche-und-dennoch-gesunde-fruehstueck-wie-sie-den-tag-mit-dem-richtigen-schwung-beginnen\/\" \/>\n<meta property=\"og:site_name\" content=\"Terme di Monticelli\" \/>\n<meta property=\"article:publisher\" content=\"https:\/\/www.facebook.com\/TermeDiMonticelli\/\" \/>\n<meta property=\"article:published_time\" content=\"2023-11-20T21:02:03+00:00\" \/>\n<meta property=\"article:modified_time\" content=\"2024-07-22T13:43:23+00:00\" \/>\n<meta property=\"og:image\" content=\"https:\/\/termedimonticelli.it\/wp-content\/uploads\/2023\/11\/img-box-la-colazione.jpg\" \/>\n\t<meta property=\"og:image:width\" content=\"1280\" \/>\n\t<meta property=\"og:image:height\" content=\"950\" \/>\n\t<meta property=\"og:image:type\" content=\"image\/jpeg\" \/>\n<meta name=\"author\" content=\"admin\" \/>\n<meta name=\"twitter:card\" content=\"summary_large_image\" \/>\n<meta name=\"twitter:label1\" content=\"Verfasst von\" \/>\n\t<meta name=\"twitter:data1\" content=\"admin\" \/>\n\t<meta name=\"twitter:label2\" content=\"Gesch\u00e4tzte Lesezeit\" \/>\n\t<meta name=\"twitter:data2\" content=\"3\u00a0Minuten\" \/>\n<script type=\"application\/ld+json\" class=\"yoast-schema-graph\">{\"@context\":\"https:\\\/\\\/schema.org\",\"@graph\":[{\"@type\":\"Article\",\"@id\":\"https:\\\/\\\/termedimonticelli.it\\\/de\\\/das-energiereiche-und-dennoch-gesunde-fruehstueck-wie-sie-den-tag-mit-dem-richtigen-schwung-beginnen\\\/#article\",\"isPartOf\":{\"@id\":\"https:\\\/\\\/termedimonticelli.it\\\/de\\\/das-energiereiche-und-dennoch-gesunde-fruehstueck-wie-sie-den-tag-mit-dem-richtigen-schwung-beginnen\\\/\"},\"author\":{\"name\":\"admin\",\"@id\":\"https:\\\/\\\/termedimonticelli.it\\\/de\\\/#\\\/schema\\\/person\\\/c6dbe415047be3d6de9cbb167eec0ee0\"},\"headline\":\"Das energiereiche und dennoch gesunde Fr\u00fchst\u00fcck. Wie Sie den Tag mit dem richtigen Schwung beginnen.\",\"datePublished\":\"2023-11-20T21:02:03+00:00\",\"dateModified\":\"2024-07-22T13:43:23+00:00\",\"mainEntityOfPage\":{\"@id\":\"https:\\\/\\\/termedimonticelli.it\\\/de\\\/das-energiereiche-und-dennoch-gesunde-fruehstueck-wie-sie-den-tag-mit-dem-richtigen-schwung-beginnen\\\/\"},\"wordCount\":606,\"commentCount\":0,\"image\":{\"@id\":\"https:\\\/\\\/termedimonticelli.it\\\/de\\\/das-energiereiche-und-dennoch-gesunde-fruehstueck-wie-sie-den-tag-mit-dem-richtigen-schwung-beginnen\\\/#primaryimage\"},\"thumbnailUrl\":\"https:\\\/\\\/termedimonticelli.it\\\/wp-content\\\/uploads\\\/2023\\\/11\\\/img-box-la-colazione.jpg\",\"keywords\":[\"Di\u00e4t\",\"Fr\u00fchst\u00fcck\",\"Gesundheit\",\"Lebensmittel\",\"Wellness\"],\"articleSection\":[\"Essen &amp; Kochen\"],\"inLanguage\":\"de\",\"potentialAction\":[{\"@type\":\"CommentAction\",\"name\":\"Comment\",\"target\":[\"https:\\\/\\\/termedimonticelli.it\\\/de\\\/das-energiereiche-und-dennoch-gesunde-fruehstueck-wie-sie-den-tag-mit-dem-richtigen-schwung-beginnen\\\/#respond\"]}]},{\"@type\":\"WebPage\",\"@id\":\"https:\\\/\\\/termedimonticelli.it\\\/de\\\/das-energiereiche-und-dennoch-gesunde-fruehstueck-wie-sie-den-tag-mit-dem-richtigen-schwung-beginnen\\\/\",\"url\":\"https:\\\/\\\/termedimonticelli.it\\\/de\\\/das-energiereiche-und-dennoch-gesunde-fruehstueck-wie-sie-den-tag-mit-dem-richtigen-schwung-beginnen\\\/\",\"name\":\"Das energiereiche und dennoch gesunde Fr\u00fchst\u00fcck. Wie Sie den Tag mit dem richtigen Schwung beginnen. - Terme di Monticelli\",\"isPartOf\":{\"@id\":\"https:\\\/\\\/termedimonticelli.it\\\/de\\\/#website\"},\"primaryImageOfPage\":{\"@id\":\"https:\\\/\\\/termedimonticelli.it\\\/de\\\/das-energiereiche-und-dennoch-gesunde-fruehstueck-wie-sie-den-tag-mit-dem-richtigen-schwung-beginnen\\\/#primaryimage\"},\"image\":{\"@id\":\"https:\\\/\\\/termedimonticelli.it\\\/de\\\/das-energiereiche-und-dennoch-gesunde-fruehstueck-wie-sie-den-tag-mit-dem-richtigen-schwung-beginnen\\\/#primaryimage\"},\"thumbnailUrl\":\"https:\\\/\\\/termedimonticelli.it\\\/wp-content\\\/uploads\\\/2023\\\/11\\\/img-box-la-colazione.jpg\",\"datePublished\":\"2023-11-20T21:02:03+00:00\",\"dateModified\":\"2024-07-22T13:43:23+00:00\",\"author\":{\"@id\":\"https:\\\/\\\/termedimonticelli.it\\\/de\\\/#\\\/schema\\\/person\\\/c6dbe415047be3d6de9cbb167eec0ee0\"},\"description\":\"Die Ratschl\u00e4ge von Dr. Gianfranco Beltrami f\u00fcr ein gesundes, ausgewogenes Fr\u00fchst\u00fcck: welche Lebensmittel Sie bevorzugen und welche Sie meiden sollten, um einen guten Start zu haben.\",\"breadcrumb\":{\"@id\":\"https:\\\/\\\/termedimonticelli.it\\\/de\\\/das-energiereiche-und-dennoch-gesunde-fruehstueck-wie-sie-den-tag-mit-dem-richtigen-schwung-beginnen\\\/#breadcrumb\"},\"inLanguage\":\"de\",\"potentialAction\":[{\"@type\":\"ReadAction\",\"target\":[\"https:\\\/\\\/termedimonticelli.it\\\/de\\\/das-energiereiche-und-dennoch-gesunde-fruehstueck-wie-sie-den-tag-mit-dem-richtigen-schwung-beginnen\\\/\"]}]},{\"@type\":\"ImageObject\",\"inLanguage\":\"de\",\"@id\":\"https:\\\/\\\/termedimonticelli.it\\\/de\\\/das-energiereiche-und-dennoch-gesunde-fruehstueck-wie-sie-den-tag-mit-dem-richtigen-schwung-beginnen\\\/#primaryimage\",\"url\":\"https:\\\/\\\/termedimonticelli.it\\\/wp-content\\\/uploads\\\/2023\\\/11\\\/img-box-la-colazione.jpg\",\"contentUrl\":\"https:\\\/\\\/termedimonticelli.it\\\/wp-content\\\/uploads\\\/2023\\\/11\\\/img-box-la-colazione.jpg\",\"width\":1280,\"height\":950},{\"@type\":\"BreadcrumbList\",\"@id\":\"https:\\\/\\\/termedimonticelli.it\\\/de\\\/das-energiereiche-und-dennoch-gesunde-fruehstueck-wie-sie-den-tag-mit-dem-richtigen-schwung-beginnen\\\/#breadcrumb\",\"itemListElement\":[{\"@type\":\"ListItem\",\"position\":1,\"name\":\"Home\",\"item\":\"https:\\\/\\\/termedimonticelli.it\\\/\"},{\"@type\":\"ListItem\",\"position\":2,\"name\":\"Das energiereiche und dennoch gesunde Fr\u00fchst\u00fcck. Wie Sie den Tag mit dem richtigen Schwung beginnen.\"}]},{\"@type\":\"WebSite\",\"@id\":\"https:\\\/\\\/termedimonticelli.it\\\/de\\\/#website\",\"url\":\"https:\\\/\\\/termedimonticelli.it\\\/de\\\/\",\"name\":\"Terme di Monticelli\",\"description\":\"Terme di Monticelli\",\"potentialAction\":[{\"@type\":\"SearchAction\",\"target\":{\"@type\":\"EntryPoint\",\"urlTemplate\":\"https:\\\/\\\/termedimonticelli.it\\\/de\\\/?s={search_term_string}\"},\"query-input\":{\"@type\":\"PropertyValueSpecification\",\"valueRequired\":true,\"valueName\":\"search_term_string\"}}],\"inLanguage\":\"de\"},{\"@type\":\"Person\",\"@id\":\"https:\\\/\\\/termedimonticelli.it\\\/de\\\/#\\\/schema\\\/person\\\/c6dbe415047be3d6de9cbb167eec0ee0\",\"name\":\"admin\",\"image\":{\"@type\":\"ImageObject\",\"inLanguage\":\"de\",\"@id\":\"https:\\\/\\\/secure.gravatar.com\\\/avatar\\\/173d2c7e9ea107ab88541cc1204a568c05c9293abd288b74cfc404189c50c4b2?s=96&d=mm&r=g\",\"url\":\"https:\\\/\\\/secure.gravatar.com\\\/avatar\\\/173d2c7e9ea107ab88541cc1204a568c05c9293abd288b74cfc404189c50c4b2?s=96&d=mm&r=g\",\"contentUrl\":\"https:\\\/\\\/secure.gravatar.com\\\/avatar\\\/173d2c7e9ea107ab88541cc1204a568c05c9293abd288b74cfc404189c50c4b2?s=96&d=mm&r=g\",\"caption\":\"admin\"},\"sameAs\":[\"https:\\\/\\\/termedimonticelli.it\"],\"url\":\"https:\\\/\\\/termedimonticelli.it\\\/de\\\/author\\\/admin\\\/\"}]}<\/script>\n<!-- \/ Yoast SEO plugin. -->","yoast_head_json":{"title":"Das energiereiche und dennoch gesunde Fr\u00fchst\u00fcck. Wie Sie den Tag mit dem richtigen Schwung beginnen. - Terme di Monticelli","description":"Die Ratschl\u00e4ge von Dr. Gianfranco Beltrami f\u00fcr ein gesundes, ausgewogenes Fr\u00fchst\u00fcck: welche Lebensmittel Sie bevorzugen und welche Sie meiden sollten, um einen guten Start zu haben.","robots":{"index":"index","follow":"follow","max-snippet":"max-snippet:-1","max-image-preview":"max-image-preview:large","max-video-preview":"max-video-preview:-1"},"canonical":"https:\/\/termedimonticelli.it\/de\/das-energiereiche-und-dennoch-gesunde-fruehstueck-wie-sie-den-tag-mit-dem-richtigen-schwung-beginnen\/","og_locale":"de_DE","og_type":"article","og_title":"Das energiereiche und dennoch gesunde Fr\u00fchst\u00fcck. Wie Sie den Tag mit dem richtigen Schwung beginnen. - Terme di Monticelli","og_description":"Die Ratschl\u00e4ge von Dr. Gianfranco Beltrami f\u00fcr ein gesundes, ausgewogenes Fr\u00fchst\u00fcck: welche Lebensmittel Sie bevorzugen und welche Sie meiden sollten, um einen guten Start zu haben.","og_url":"https:\/\/termedimonticelli.it\/de\/das-energiereiche-und-dennoch-gesunde-fruehstueck-wie-sie-den-tag-mit-dem-richtigen-schwung-beginnen\/","og_site_name":"Terme di Monticelli","article_publisher":"https:\/\/www.facebook.com\/TermeDiMonticelli\/","article_published_time":"2023-11-20T21:02:03+00:00","article_modified_time":"2024-07-22T13:43:23+00:00","og_image":[{"width":1280,"height":950,"url":"https:\/\/termedimonticelli.it\/wp-content\/uploads\/2023\/11\/img-box-la-colazione.jpg","type":"image\/jpeg"}],"author":"admin","twitter_card":"summary_large_image","twitter_misc":{"Verfasst von":"admin","Gesch\u00e4tzte Lesezeit":"3\u00a0Minuten"},"schema":{"@context":"https:\/\/schema.org","@graph":[{"@type":"Article","@id":"https:\/\/termedimonticelli.it\/de\/das-energiereiche-und-dennoch-gesunde-fruehstueck-wie-sie-den-tag-mit-dem-richtigen-schwung-beginnen\/#article","isPartOf":{"@id":"https:\/\/termedimonticelli.it\/de\/das-energiereiche-und-dennoch-gesunde-fruehstueck-wie-sie-den-tag-mit-dem-richtigen-schwung-beginnen\/"},"author":{"name":"admin","@id":"https:\/\/termedimonticelli.it\/de\/#\/schema\/person\/c6dbe415047be3d6de9cbb167eec0ee0"},"headline":"Das energiereiche und dennoch gesunde Fr\u00fchst\u00fcck. Wie Sie den Tag mit dem richtigen Schwung beginnen.","datePublished":"2023-11-20T21:02:03+00:00","dateModified":"2024-07-22T13:43:23+00:00","mainEntityOfPage":{"@id":"https:\/\/termedimonticelli.it\/de\/das-energiereiche-und-dennoch-gesunde-fruehstueck-wie-sie-den-tag-mit-dem-richtigen-schwung-beginnen\/"},"wordCount":606,"commentCount":0,"image":{"@id":"https:\/\/termedimonticelli.it\/de\/das-energiereiche-und-dennoch-gesunde-fruehstueck-wie-sie-den-tag-mit-dem-richtigen-schwung-beginnen\/#primaryimage"},"thumbnailUrl":"https:\/\/termedimonticelli.it\/wp-content\/uploads\/2023\/11\/img-box-la-colazione.jpg","keywords":["Di\u00e4t","Fr\u00fchst\u00fcck","Gesundheit","Lebensmittel","Wellness"],"articleSection":["Essen &amp; Kochen"],"inLanguage":"de","potentialAction":[{"@type":"CommentAction","name":"Comment","target":["https:\/\/termedimonticelli.it\/de\/das-energiereiche-und-dennoch-gesunde-fruehstueck-wie-sie-den-tag-mit-dem-richtigen-schwung-beginnen\/#respond"]}]},{"@type":"WebPage","@id":"https:\/\/termedimonticelli.it\/de\/das-energiereiche-und-dennoch-gesunde-fruehstueck-wie-sie-den-tag-mit-dem-richtigen-schwung-beginnen\/","url":"https:\/\/termedimonticelli.it\/de\/das-energiereiche-und-dennoch-gesunde-fruehstueck-wie-sie-den-tag-mit-dem-richtigen-schwung-beginnen\/","name":"Das energiereiche und dennoch gesunde Fr\u00fchst\u00fcck. Wie Sie den Tag mit dem richtigen Schwung beginnen. - Terme di Monticelli","isPartOf":{"@id":"https:\/\/termedimonticelli.it\/de\/#website"},"primaryImageOfPage":{"@id":"https:\/\/termedimonticelli.it\/de\/das-energiereiche-und-dennoch-gesunde-fruehstueck-wie-sie-den-tag-mit-dem-richtigen-schwung-beginnen\/#primaryimage"},"image":{"@id":"https:\/\/termedimonticelli.it\/de\/das-energiereiche-und-dennoch-gesunde-fruehstueck-wie-sie-den-tag-mit-dem-richtigen-schwung-beginnen\/#primaryimage"},"thumbnailUrl":"https:\/\/termedimonticelli.it\/wp-content\/uploads\/2023\/11\/img-box-la-colazione.jpg","datePublished":"2023-11-20T21:02:03+00:00","dateModified":"2024-07-22T13:43:23+00:00","author":{"@id":"https:\/\/termedimonticelli.it\/de\/#\/schema\/person\/c6dbe415047be3d6de9cbb167eec0ee0"},"description":"Die Ratschl\u00e4ge von Dr. Gianfranco Beltrami f\u00fcr ein gesundes, ausgewogenes Fr\u00fchst\u00fcck: welche Lebensmittel Sie bevorzugen und welche Sie meiden sollten, um einen guten Start zu haben.","breadcrumb":{"@id":"https:\/\/termedimonticelli.it\/de\/das-energiereiche-und-dennoch-gesunde-fruehstueck-wie-sie-den-tag-mit-dem-richtigen-schwung-beginnen\/#breadcrumb"},"inLanguage":"de","potentialAction":[{"@type":"ReadAction","target":["https:\/\/termedimonticelli.it\/de\/das-energiereiche-und-dennoch-gesunde-fruehstueck-wie-sie-den-tag-mit-dem-richtigen-schwung-beginnen\/"]}]},{"@type":"ImageObject","inLanguage":"de","@id":"https:\/\/termedimonticelli.it\/de\/das-energiereiche-und-dennoch-gesunde-fruehstueck-wie-sie-den-tag-mit-dem-richtigen-schwung-beginnen\/#primaryimage","url":"https:\/\/termedimonticelli.it\/wp-content\/uploads\/2023\/11\/img-box-la-colazione.jpg","contentUrl":"https:\/\/termedimonticelli.it\/wp-content\/uploads\/2023\/11\/img-box-la-colazione.jpg","width":1280,"height":950},{"@type":"BreadcrumbList","@id":"https:\/\/termedimonticelli.it\/de\/das-energiereiche-und-dennoch-gesunde-fruehstueck-wie-sie-den-tag-mit-dem-richtigen-schwung-beginnen\/#breadcrumb","itemListElement":[{"@type":"ListItem","position":1,"name":"Home","item":"https:\/\/termedimonticelli.it\/"},{"@type":"ListItem","position":2,"name":"Das energiereiche und dennoch gesunde Fr\u00fchst\u00fcck. Wie Sie den Tag mit dem richtigen Schwung beginnen."}]},{"@type":"WebSite","@id":"https:\/\/termedimonticelli.it\/de\/#website","url":"https:\/\/termedimonticelli.it\/de\/","name":"Terme di Monticelli","description":"Terme di Monticelli","potentialAction":[{"@type":"SearchAction","target":{"@type":"EntryPoint","urlTemplate":"https:\/\/termedimonticelli.it\/de\/?s={search_term_string}"},"query-input":{"@type":"PropertyValueSpecification","valueRequired":true,"valueName":"search_term_string"}}],"inLanguage":"de"},{"@type":"Person","@id":"https:\/\/termedimonticelli.it\/de\/#\/schema\/person\/c6dbe415047be3d6de9cbb167eec0ee0","name":"admin","image":{"@type":"ImageObject","inLanguage":"de","@id":"https:\/\/secure.gravatar.com\/avatar\/173d2c7e9ea107ab88541cc1204a568c05c9293abd288b74cfc404189c50c4b2?s=96&d=mm&r=g","url":"https:\/\/secure.gravatar.com\/avatar\/173d2c7e9ea107ab88541cc1204a568c05c9293abd288b74cfc404189c50c4b2?s=96&d=mm&r=g","contentUrl":"https:\/\/secure.gravatar.com\/avatar\/173d2c7e9ea107ab88541cc1204a568c05c9293abd288b74cfc404189c50c4b2?s=96&d=mm&r=g","caption":"admin"},"sameAs":["https:\/\/termedimonticelli.it"],"url":"https:\/\/termedimonticelli.it\/de\/author\/admin\/"}]}},"jetpack_featured_media_url":"https:\/\/termedimonticelli.it\/wp-content\/uploads\/2023\/11\/img-box-la-colazione.jpg","jetpack_sharing_enabled":true,"_links":{"self":[{"href":"https:\/\/termedimonticelli.it\/de\/wp-json\/wp\/v2\/posts\/10774","targetHints":{"allow":["GET"]}}],"collection":[{"href":"https:\/\/termedimonticelli.it\/de\/wp-json\/wp\/v2\/posts"}],"about":[{"href":"https:\/\/termedimonticelli.it\/de\/wp-json\/wp\/v2\/types\/post"}],"author":[{"embeddable":true,"href":"https:\/\/termedimonticelli.it\/de\/wp-json\/wp\/v2\/users\/1"}],"replies":[{"embeddable":true,"href":"https:\/\/termedimonticelli.it\/de\/wp-json\/wp\/v2\/comments?post=10774"}],"version-history":[{"count":2,"href":"https:\/\/termedimonticelli.it\/de\/wp-json\/wp\/v2\/posts\/10774\/revisions"}],"predecessor-version":[{"id":10777,"href":"https:\/\/termedimonticelli.it\/de\/wp-json\/wp\/v2\/posts\/10774\/revisions\/10777"}],"wp:featuredmedia":[{"embeddable":true,"href":"https:\/\/termedimonticelli.it\/de\/wp-json\/wp\/v2\/media\/8676"}],"wp:attachment":[{"href":"https:\/\/termedimonticelli.it\/de\/wp-json\/wp\/v2\/media?parent=10774"}],"wp:term":[{"taxonomy":"category","embeddable":true,"href":"https:\/\/termedimonticelli.it\/de\/wp-json\/wp\/v2\/categories?post=10774"},{"taxonomy":"post_tag","embeddable":true,"href":"https:\/\/termedimonticelli.it\/de\/wp-json\/wp\/v2\/tags?post=10774"}],"curies":[{"name":"wp","href":"https:\/\/api.w.org\/{rel}","templated":true}]}}